{"id":12046,"date":"2019-10-04T16:42:09","date_gmt":"2019-10-04T16:42:09","guid":{"rendered":"http:\/\/www.atsautomazione.it\/ats-partecipa-allevento-festo-customer-visit\/"},"modified":"2019-10-07T06:59:40","modified_gmt":"2019-10-07T06:59:40","slug":"ats-partecipa-allevento-festo-customer-visit","status":"publish","type":"post","link":"https:\/\/www.atsautomazione.it\/fr\/ats-partecipa-allevento-festo-customer-visit\/","title":{"rendered":"ATS participe \u00e0 l&rsquo;\u00e9v\u00e9nement FESTO Customer Visit"},"content":{"rendered":"\n<figure class=\"wp-block-image\"><img loading=\"lazy\" width=\"1024\" height=\"997\" src=\"http:\/\/www.atsautomazione.it\/wp-content\/uploads\/2019\/10\/FESTO-Customer-Visit-1-1024x997.jpg\" alt=\"\" class=\"wp-image-12033\" srcset=\"https:\/\/www.atsautomazione.it\/wp-content\/uploads\/2019\/10\/FESTO-Customer-Visit-1-1024x997.jpg 1024w, https:\/\/www.atsautomazione.it\/wp-content\/uploads\/2019\/10\/FESTO-Customer-Visit-1-300x292.jpg 300w, https:\/\/www.atsautomazione.it\/wp-content\/uploads\/2019\/10\/FESTO-Customer-Visit-1-768x748.jpg 768w\" sizes=\"(max-width: 1024px) 100vw, 1024px\" \/><\/figure>\n\n\n\n<p>Les 1er et 2 octobre 2019, ATS \u00e9tait l&rsquo;un des invit\u00e9s de la visite \u00e0 la client\u00e8le organis\u00e9e par FESTO Italia. Plusieurs entreprises clientes de la multinationale, leader dans le domaine des technologies de l\u2019automatisation, ont assist\u00e9 \u00e0 cet \u00e9v\u00e9nement. Elles se sont d\u00e9roul\u00e9es dans les usines allemandes d\u2019Esslingen (si\u00e8ge de la soci\u00e9t\u00e9) et de Scharnhausen (usine technologique) par le biais d\u2019ateliers de formation et de visites guid\u00e9es.<\/p>\n\n\n\n<p>Nous remercions FESTO Italia pour l&rsquo;opportunit\u00e9 g\u00e9n\u00e9reuse qui nous a \u00e9t\u00e9 offerte de s&rsquo;instruire et de se familiariser avec l&rsquo;immense savoir-faire qui est \u00e0 la base du succ\u00e8s en termes de qualit\u00e9 d&rsquo;entreprise, de produit et de processus.   <\/p>\n\n\n\n<figure class=\"wp-block-image\"><img loading=\"lazy\" width=\"1024\" height=\"602\" src=\"http:\/\/www.atsautomazione.it\/wp-content\/uploads\/2019\/10\/FESTO-Esslingen-Headquarter-1-1024x602.jpg\" alt=\"\" class=\"wp-image-12037\" srcset=\"https:\/\/www.atsautomazione.it\/wp-content\/uploads\/2019\/10\/FESTO-Esslingen-Headquarter-1-1024x602.jpg 1024w, https:\/\/www.atsautomazione.it\/wp-content\/uploads\/2019\/10\/FESTO-Esslingen-Headquarter-1-300x176.jpg 300w, https:\/\/www.atsautomazione.it\/wp-content\/uploads\/2019\/10\/FESTO-Esslingen-Headquarter-1-768x451.jpg 768w, https:\/\/www.atsautomazione.it\/wp-content\/uploads\/2019\/10\/FESTO-Esslingen-Headquarter-1.jpg 1532w\" sizes=\"(max-width: 1024px) 100vw, 1024px\" \/><figcaption>FESTO Esslingen Headquarter<\/figcaption><\/figure>\n","protected":false},"excerpt":{"rendered":"<p>Les 1er et 2 octobre 2019, ATS \u00e9tait l&rsquo;un des invit\u00e9s de la visite \u00e0 [&hellip;]<\/p>\n","protected":false},"author":4,"featured_media":12039,"comment_status":"open","ping_status":"open","sticky":false,"template":"","format":"standard","meta":[],"categories":[152,150],"tags":[],"acf":[],"yoast_head":"<!-- This site is optimized with the Yoast SEO plugin v15.6.2 - https:\/\/yoast.com\/wordpress\/plugins\/seo\/ -->\n<meta name=\"robots\" content=\"index, follow, max-snippet:-1, max-image-preview:large, max-video-preview:-1\" \/>\n<link rel=\"canonical\" href=\"https:\/\/www.atsautomazione.it\/fr\/ats-partecipa-allevento-festo-customer-visit\/\" \/>\n<meta property=\"og:locale\" content=\"fr_FR\" \/>\n<meta property=\"og:type\" content=\"article\" \/>\n<meta property=\"og:title\" content=\"ATS participe \u00e0 l&#039;\u00e9v\u00e9nement FESTO Customer Visit - ATS Automation Systems\" \/>\n<meta property=\"og:description\" content=\"Les 1er et 2 octobre 2019, ATS \u00e9tait l&rsquo;un des invit\u00e9s de la visite \u00e0 [&hellip;]\" \/>\n<meta property=\"og:url\" content=\"https:\/\/www.atsautomazione.it\/fr\/ats-partecipa-allevento-festo-customer-visit\/\" \/>\n<meta property=\"og:site_name\" content=\"ATS Automation Systems\" \/>\n<meta property=\"article:published_time\" content=\"2019-10-04T16:42:09+00:00\" \/>\n<meta property=\"article:modified_time\" content=\"2019-10-07T06:59:40+00:00\" \/>\n<meta property=\"og:image\" content=\"https:\/\/www.atsautomazione.it\/wp-content\/uploads\/2019\/10\/FESTO-Esslingen-Headquarter-1.jpg\" \/>\n\t<meta property=\"og:image:width\" content=\"1532\" \/>\n\t<meta property=\"og:image:height\" content=\"900\" \/>\n<meta name=\"twitter:card\" content=\"summary_large_image\" \/>\n<meta name=\"twitter:label1\" content=\"Dur\u00e9e de lecture est.\">\n\t<meta name=\"twitter:data1\" content=\"1 minute\">\n<script type=\"application\/ld+json\" class=\"yoast-schema-graph\">{\"@context\":\"https:\/\/schema.org\",\"@graph\":[{\"@type\":\"WebSite\",\"@id\":\"https:\/\/www.atsautomazione.it\/#website\",\"url\":\"https:\/\/www.atsautomazione.it\/\",\"name\":\"ATS Automation Systems\",\"description\":\"ATS Automation Systems\",\"potentialAction\":[{\"@type\":\"SearchAction\",\"target\":\"https:\/\/www.atsautomazione.it\/?s={search_term_string}\",\"query-input\":\"required name=search_term_string\"}],\"inLanguage\":\"fr-FR\"},{\"@type\":\"ImageObject\",\"@id\":\"https:\/\/www.atsautomazione.it\/fr\/ats-partecipa-allevento-festo-customer-visit\/#primaryimage\",\"inLanguage\":\"fr-FR\",\"url\":\"https:\/\/www.atsautomazione.it\/wp-content\/uploads\/2019\/10\/FESTO-Esslingen-Headquarter-1.jpg\",\"width\":1532,\"height\":900},{\"@type\":\"WebPage\",\"@id\":\"https:\/\/www.atsautomazione.it\/fr\/ats-partecipa-allevento-festo-customer-visit\/#webpage\",\"url\":\"https:\/\/www.atsautomazione.it\/fr\/ats-partecipa-allevento-festo-customer-visit\/\",\"name\":\"ATS participe \\u00e0 l'\\u00e9v\\u00e9nement FESTO Customer Visit - ATS Automation Systems\",\"isPartOf\":{\"@id\":\"https:\/\/www.atsautomazione.it\/#website\"},\"primaryImageOfPage\":{\"@id\":\"https:\/\/www.atsautomazione.it\/fr\/ats-partecipa-allevento-festo-customer-visit\/#primaryimage\"},\"datePublished\":\"2019-10-04T16:42:09+00:00\",\"dateModified\":\"2019-10-07T06:59:40+00:00\",\"author\":{\"@id\":\"https:\/\/www.atsautomazione.it\/#\/schema\/person\/eb02dfe5ad3a8bab447004eff44064bf\"},\"inLanguage\":\"fr-FR\",\"potentialAction\":[{\"@type\":\"ReadAction\",\"target\":[\"https:\/\/www.atsautomazione.it\/fr\/ats-partecipa-allevento-festo-customer-visit\/\"]}]},{\"@type\":\"Person\",\"@id\":\"https:\/\/www.atsautomazione.it\/#\/schema\/person\/eb02dfe5ad3a8bab447004eff44064bf\",\"name\":\"atsautomazione\",\"image\":{\"@type\":\"ImageObject\",\"@id\":\"https:\/\/www.atsautomazione.it\/#personlogo\",\"inLanguage\":\"fr-FR\",\"url\":\"https:\/\/secure.gravatar.com\/avatar\/90118cc03d32678eaefcaf3593bf46ac?s=96&d=mm&r=g\",\"caption\":\"atsautomazione\"}}]}<\/script>\n<!-- \/ Yoast SEO plugin. -->","_links":{"self":[{"href":"https:\/\/www.atsautomazione.it\/fr\/wp-json\/wp\/v2\/posts\/12046"}],"collection":[{"href":"https:\/\/www.atsautomazione.it\/fr\/wp-json\/wp\/v2\/posts"}],"about":[{"href":"https:\/\/www.atsautomazione.it\/fr\/wp-json\/wp\/v2\/types\/post"}],"author":[{"embeddable":true,"href":"https:\/\/www.atsautomazione.it\/fr\/wp-json\/wp\/v2\/users\/4"}],"replies":[{"embeddable":true,"href":"https:\/\/www.atsautomazione.it\/fr\/wp-json\/wp\/v2\/comments?post=12046"}],"version-history":[{"count":2,"href":"https:\/\/www.atsautomazione.it\/fr\/wp-json\/wp\/v2\/posts\/12046\/revisions"}],"predecessor-version":[{"id":12054,"href":"https:\/\/www.atsautomazione.it\/fr\/wp-json\/wp\/v2\/posts\/12046\/revisions\/12054"}],"wp:featuredmedia":[{"embeddable":true,"href":"https:\/\/www.atsautomazione.it\/fr\/wp-json\/wp\/v2\/media\/12039"}],"wp:attachment":[{"href":"https:\/\/www.atsautomazione.it\/fr\/wp-json\/wp\/v2\/media?parent=12046"}],"wp:term":[{"taxonomy":"category","embeddable":true,"href":"https:\/\/www.atsautomazione.it\/fr\/wp-json\/wp\/v2\/categories?post=12046"},{"taxonomy":"post_tag","embeddable":true,"href":"https:\/\/www.atsautomazione.it\/fr\/wp-json\/wp\/v2\/tags?post=12046"}],"curies":[{"name":"wp","href":"https:\/\/api.w.org\/{rel}","templated":true}]}}